{"id":6299,"date":"2023-08-03T08:03:59","date_gmt":"2023-08-03T13:03:59","guid":{"rendered":"https:\/\/fueltransport.com\/?p=6299"},"modified":"2025-01-21T10:12:38","modified_gmt":"2025-01-21T15:12:38","slug":"le-metier-le-plus-sous-estime-du-marche-limpact-mondial-dune-carriere-dans-la-logistique","status":"publish","type":"post","link":"https:\/\/fueltransport.com\/fr\/le-metier-le-plus-sous-estime-du-marche-limpact-mondial-dune-carriere-dans-la-logistique\/","title":{"rendered":"Le m\u00e9tier le plus sous-estim\u00e9 du march\u00e9 : l&#8217;impact mondial d&#8217;une carri\u00e8re dans la logistique"},"content":{"rendered":"\n<p>De nombreux secteurs connaissent une p\u00e9nurie de main-d&#8217;\u0153uvre, mais la logistique souffre d&#8217;une crise unique en son genre en mati\u00e8re de recrutement &#8211; un manque g\u00e9n\u00e9ral d&#8217;int\u00e9r\u00eat. Nous n&#8217;h\u00e9sitons jamais \u00e0 dire pourquoi il est formidable de travailler pour cette entreprise, mais nous reconnaissons qu&#8217;il existe un besoin sous-estim\u00e9 d&#8217;informer les gens sur les raisons pour lesquelles il est formidable de travailler dans ce secteur.<\/p>\n\n\n\n<p><strong>Un secteur mal compris<\/strong><\/p>\n\n\n\n<p>Il y a beaucoup d&#8217;id\u00e9es fausses sur ce que nous faisons. Lorsque vous \u00e9voquez la logistique, la plupart des personnes ext\u00e9rieures au secteur imaginent des camionneurs et des r\u00e9partiteurs, et c&#8217;est \u00e0 peu pr\u00e8s tout. Or, le transport de marchandises n&#8217;est qu&#8217;une \u00e9tape d&#8217;une op\u00e9ration beaucoup plus vaste ; un \u00e9cosyst\u00e8me vivant, respirant et en constante \u00e9volution, aliment\u00e9 par des personnes, des technologies et des strat\u00e9gies. C&#8217;est une activit\u00e9 bien plus passionnante et gratifiante que ce que l&#8217;on en pense.<\/p>\n\n\n\n<p>On pense aussi \u00e0 tort que la logistique est un club de gar\u00e7ons. Historiquement, il s&#8217;agit d&#8217;un secteur domin\u00e9 par les hommes, mais nous avons constat\u00e9 dans tous nos bureaux l&#8217;impact consid\u00e9rable que les femmes peuvent avoir dans ce domaine. Il y a aussi l&#8217;id\u00e9e que la logistique est un domaine de niche qui exige une exp\u00e9rience de niche. Notre objectif est de remettre en question ces vieilles id\u00e9es qui sugg\u00e8rent qu&#8217;une carri\u00e8re dans la logistique convient mieux \u00e0 un sexe, \u00e0 un type de personnalit\u00e9 ou \u00e0 une exp\u00e9rience professionnelle sp\u00e9cifiques.&nbsp;<\/p>\n\n\n\n<p><strong>Une partie de quelque chose de plus grand<\/strong><\/p>\n\n\n\n<p>Les jeunes actifs aspirent \u00e0 un travail plus significatif et plus stimulant, et beaucoup d&#8217;entre eux n\u00e9gligent une carri\u00e8re qui peut offrir un volume \u00e9lev\u00e9 de ces deux \u00e9l\u00e9ments.&nbsp;<\/p>\n\n\n\n<p>Une \u00e9tude Deloitte de 2022 a r\u00e9v\u00e9l\u00e9 que l&#8217;une des principales raisons pour lesquelles les membres de la g\u00e9n\u00e9ration Z et les mill\u00e9niaux ont choisi leur poste actuel \u00e9tait les possibilit\u00e9s d&#8217;apprentissage et de d\u00e9veloppement. Les gens aspirent \u00e0 un travail qui les aide \u00e0 grandir en tant que personne, et trop peu d&#8217;entre eux sont conscients de l&#8217;exp\u00e9rience d&#8217;apprentissage constant que repr\u00e9sente une carri\u00e8re dans la logistique.&nbsp;<\/p>\n\n\n\n<p>La plupart des gens ne passent pas de temps \u00e0 r\u00e9fl\u00e9chir \u00e0 la mani\u00e8re dont ils ont obtenu leur brosse \u00e0 dents (ou leur petit-d\u00e9jeuner ou leur ordinateur portable) et aux nombreuses pi\u00e8ces mobiles qu&#8217;il a fallu pour la construire, la transporter et la livrer. Mais depuis qu&#8217;une pand\u00e9mie a provoqu\u00e9 une telle perturbation de la cha\u00eene d&#8217;approvisionnement dans le monde entier, de plus en plus de gens commencent \u00e0 prendre conscience de l&#8217;importance de ce secteur. La logistique a un impact profond sur notre \u00e9conomie mondiale et sur pratiquement tous les aspects mat\u00e9riels de notre vie. Si les jeunes g\u00e9n\u00e9rations veulent un travail stimulant et utile, nous leur sugg\u00e9rons vivement une carri\u00e8re qui a un impact sur litt\u00e9ralement chaque personne sur terre.<\/p>\n\n\n\n<p>En plus d&#8217;avoir un impact, une carri\u00e8re dans la logistique vous permet de rencontrer beaucoup de gens et d&#8217;\u00e9tablir des partenariats. Depuis que le travail \u00e0 distance s&#8217;est banalis\u00e9, les carri\u00e8res qui offrent un lien humain sont de plus en plus recherch\u00e9es. Pour nous, le lien humain est essentiel dans la logistique, et c&#8217;est l&#8217;une des principales raisons pour lesquelles ce travail est si gratifiant.&nbsp;<\/p>\n\n\n\n<p><strong>Bon pour les muscles mentaux<\/strong><\/p>\n\n\n\n<p>Les gens accordent une grande importance aux carri\u00e8res qui mettent l&#8217;accent sur la pens\u00e9e cr\u00e9ative. Selon le Happy Planet Index, un indice mondial du bien-\u00eatre humain, &#8220;la cr\u00e9ativit\u00e9 stimule l&#8217;innovation et rend les employ\u00e9s plus heureux&#8221;. Elle rend \u00e9galement les employeurs plus heureux. Une \u00e9tude d&#8217;IBM a r\u00e9v\u00e9l\u00e9 que dans une enqu\u00eate men\u00e9e aupr\u00e8s de 1 500 directeurs g\u00e9n\u00e9raux, la cr\u00e9ativit\u00e9 se classait au premier rang des priorit\u00e9s de l&#8217;entreprise.<\/p>\n\n\n\n<p>La cr\u00e9ativit\u00e9 est reine dans la logistique. Il y a quelques ann\u00e9es, la logistique se r\u00e9sumait \u00e0 l&#8217;envoi de t\u00e9l\u00e9copies et \u00e0 la r\u00e9servation de chauffeurs. Mais le secteur a \u00e9volu\u00e9 pour couvrir beaucoup plus de pi\u00e8ces mobiles, et pour optimiser ces pi\u00e8ces, nous avons besoin de penseurs intelligents et critiques. \u00catre capable de r\u00e9fl\u00e9chir intelligemment et de r\u00e9soudre des probl\u00e8mes rapidement et efficacement est un exercice cr\u00e9atif rigoureux pour l&#8217;esprit, et c&#8217;est un exercice auquel nous nous livrons tous les jours.<\/p>\n\n\n\n<p>C&#8217;est aussi une activit\u00e9 gratifiante pour les personnes qui ont de l&#8217;intuition et de l&#8217;instinct. Nous avons besoin de personnes capables de regarder un syst\u00e8me inefficace ou un obstacle apparemment insurmontable, et d&#8217;avoir la vision n\u00e9cessaire pour tracer de nouvelles voies, trouver des synergies qui n&#8217;ont pas \u00e9t\u00e9 envisag\u00e9es, et d\u00e9couvrir des moyens enti\u00e8rement nouveaux de r\u00e9soudre un probl\u00e8me. La logistique s&#8217;adresse aux penseurs novateurs, aux personnes capables de voir ce qui n&#8217;existe pas encore. Ce sont ces personnes qui nous aideront \u00e0 faire \u00e9voluer l&#8217;ensemble du secteur.<\/p>\n\n\n\n<p><strong>La parole est \u00e0 vous<\/strong><\/p>\n\n\n\n<p>Les gens veulent savoir qu&#8217;ils ont leur mot \u00e0 dire sur leur lieu de travail. Dans le domaine de la logistique, cette voix est sollicit\u00e9e avec enthousiasme, car la diversit\u00e9 des points de vue permet de r\u00e9soudre les probl\u00e8mes. Selon une \u00e9tude men\u00e9e par Atlassian, plus de deux tiers des \u00e9quipes performantes se livrent \u00e0 un feedback honn\u00eate, tandis que 94 % des participants estiment que le respect mutuel est important pour la r\u00e9ussite d&#8217;une \u00e9quipe. Pour de nombreuses entreprises, et en particulier pour celle-ci, il est tr\u00e8s utile d&#8217;entendre le point de vue de chacun.<\/p>\n\n\n\n<p>Dans le domaine de la logistique, il existe des pratiques exemplaires et nos \u00e9quipes adh\u00e8rent aux strat\u00e9gies et aux approches qui ont fait leurs preuves. Mais il est toujours possible de trouver des failles et d&#8217;exp\u00e9rimenter de nouvelles m\u00e9thodes pour accro\u00eetre l&#8217;efficacit\u00e9. Nous formons nos \u00e9quipes \u00e0 comprendre le fonctionnement de la logistique, puis nous les invitons \u00e0 trouver des moyens de l&#8217;am\u00e9liorer. Cela contribue non seulement \u00e0 la croissance de l&#8217;entreprise, mais aussi \u00e0 celle de chaque employ\u00e9.&nbsp;<\/p>\n\n\n\n<p><strong>Jamais deux fois le m\u00eame jour<\/strong><\/p>\n\n\n\n<p>Malgr\u00e9 toute la culture de l&#8217;effervescence que nous voyons dans nos fils d&#8217;actualit\u00e9, il y a aussi une \u00e9pid\u00e9mie d&#8217;ennui au sein de la population active. Contrairement \u00e0 ce que beaucoup pourraient penser, le probl\u00e8me commun de l&#8217;\u00e9puisement professionnel n&#8217;est pas toujours li\u00e9 au fait d&#8217;\u00eatre d\u00e9bord\u00e9.<\/p>\n\n\n\n<p>Psychology Today souligne que l&#8217;\u00e9puisement professionnel peut \u00e9galement r\u00e9sulter d&#8217;un travail peu satisfaisant. Occuper un poste qui n&#8217;exploite pas pleinement votre talent ou qui ne vous comble pas intellectuellement sapera votre \u00e9nergie et vous laissera un sentiment d&#8217;\u00e9puisement. Et c&#8217;est un sentiment difficile \u00e0 ignorer. Selon une \u00e9tude de Korn Ferry, un professionnel sur trois cite l&#8217;ennui comme principale raison de quitter son emploi.&nbsp;<\/p>\n\n\n\n<p>La logistique est un travail qui vous fera ressentir beaucoup de choses, mais l&#8217;ennui n&#8217;en fait pas partie. Il n&#8217;y a pas de journ\u00e9e moyenne dans ce secteur. Ce n&#8217;est pas un travail unidimensionnel. Il n&#8217;y a pas de statu quo, et chaque jour apporte un nouveau d\u00e9fi \u00e0 relever. Nos esprits sont toujours en train d&#8217;apprendre, de s&#8217;adapter, de s&#8217;aff\u00fbter et de se d\u00e9velopper.&nbsp;<\/p>\n\n\n\n<p><strong>Frapper pendant que le secteur est chaud<\/strong><\/p>\n\n\n\n<p>La logistique est un secteur qui regorge de possibilit\u00e9s d&#8217;emplois gratifiants. C&#8217;est aussi une p\u00e9riode fascinante pour travailler dans la cha\u00eene d&#8217;approvisionnement. Depuis qu&#8217;elle a r\u00e9cemment atteint un point de crise, cette cha\u00eene d&#8217;approvisionnement est en pleine effervescence. Nous avons la chance de travailler dans un secteur qui a un impact sur tous les habitants de la plan\u00e8te, tout en s&#8217;effor\u00e7ant de le faire \u00e9voluer. S&#8217;il y a jamais eu un moment pour faire un changement de carri\u00e8re significatif, c&#8217;est maintenant et c&#8217;est la logistique.<\/p>\n","protected":false},"excerpt":{"rendered":"<p>De nombreux secteurs connaissent une p\u00e9nurie de main-d&#8217;\u0153uvre, mais la logistique souffre d&#8217;une crise unique en son genre en mati\u00e8re [&hellip;]<\/p>\n","protected":false},"author":16,"featured_media":6301,"comment_status":"closed","ping_status":"closed","sticky":false,"template":"","format":"standard","meta":{"_acf_changed":false,"footnotes":""},"categories":[8],"tags":[],"post_folder":[],"class_list":["post-6299","post","type-post","status-publish","format-standard","has-post-thumbnail","hentry","category-volet-fuel-fr"],"acf":[],"yoast_head":"<!-- This site is optimized with the Yoast SEO plugin v27.4 - https:\/\/yoast.com\/product\/yoast-seo-wordpress\/ -->\n<title>Le m\u00e9tier le plus sous-estim\u00e9 du march\u00e9 : l&#039;impact mondial d&#039;une carri\u00e8re dans la logistique - Fuel Transport<\/title>\n<meta name=\"robots\" content=\"index, follow, max-snippet:-1, max-image-preview:large, max-video-preview:-1\" \/>\n<link rel=\"canonical\" href=\"https:\/\/fueltransport.com\/fr\/le-metier-le-plus-sous-estime-du-marche-limpact-mondial-dune-carriere-dans-la-logistique\/\" \/>\n<meta property=\"og:locale\" content=\"fr_FR\" \/>\n<meta property=\"og:type\" content=\"article\" \/>\n<meta property=\"og:title\" content=\"Le m\u00e9tier le plus sous-estim\u00e9 du march\u00e9 : l&#039;impact mondial d&#039;une carri\u00e8re dans la logistique - Fuel Transport\" \/>\n<meta property=\"og:description\" content=\"De nombreux secteurs connaissent une p\u00e9nurie de main-d&#8217;\u0153uvre, mais la logistique souffre d&#8217;une crise unique en son genre en mati\u00e8re [&hellip;]\" \/>\n<meta property=\"og:url\" content=\"https:\/\/fueltransport.com\/fr\/le-metier-le-plus-sous-estime-du-marche-limpact-mondial-dune-carriere-dans-la-logistique\/\" \/>\n<meta property=\"og:site_name\" content=\"Fuel Transport\" \/>\n<meta property=\"article:published_time\" content=\"2023-08-03T13:03:59+00:00\" \/>\n<meta property=\"article:modified_time\" content=\"2025-01-21T15:12:38+00:00\" \/>\n<meta property=\"og:image\" content=\"https:\/\/fueltransport.com\/wp-content\/uploads\/2023\/07\/Untitled-design-9.png\" \/>\n\t<meta property=\"og:image:width\" content=\"1600\" \/>\n\t<meta property=\"og:image:height\" content=\"500\" \/>\n\t<meta property=\"og:image:type\" content=\"image\/png\" \/>\n<meta name=\"author\" content=\"Fuel Transport\" \/>\n<meta name=\"twitter:card\" content=\"summary_large_image\" \/>\n<meta name=\"twitter:label1\" content=\"Written by\" \/>\n\t<meta name=\"twitter:data1\" content=\"Fuel Transport\" \/>\n\t<meta name=\"twitter:label2\" content=\"Est. reading time\" \/>\n\t<meta name=\"twitter:data2\" content=\"6 minutes\" \/>\n<script type=\"application\/ld+json\" class=\"yoast-schema-graph\">{\"@context\":\"https:\\\/\\\/schema.org\",\"@graph\":[{\"@type\":\"Article\",\"@id\":\"https:\\\/\\\/fueltransport.com\\\/fr\\\/le-metier-le-plus-sous-estime-du-marche-limpact-mondial-dune-carriere-dans-la-logistique\\\/#article\",\"isPartOf\":{\"@id\":\"https:\\\/\\\/fueltransport.com\\\/fr\\\/le-metier-le-plus-sous-estime-du-marche-limpact-mondial-dune-carriere-dans-la-logistique\\\/\"},\"author\":{\"name\":\"Fuel Transport\",\"@id\":\"https:\\\/\\\/fueltransport.com\\\/#\\\/schema\\\/person\\\/4b0b31635d8f3f0d50751879915b9038\"},\"headline\":\"Le m\u00e9tier le plus sous-estim\u00e9 du march\u00e9 : l&#8217;impact mondial d&#8217;une carri\u00e8re dans la logistique\",\"datePublished\":\"2023-08-03T13:03:59+00:00\",\"dateModified\":\"2025-01-21T15:12:38+00:00\",\"mainEntityOfPage\":{\"@id\":\"https:\\\/\\\/fueltransport.com\\\/fr\\\/le-metier-le-plus-sous-estime-du-marche-limpact-mondial-dune-carriere-dans-la-logistique\\\/\"},\"wordCount\":1426,\"image\":{\"@id\":\"https:\\\/\\\/fueltransport.com\\\/fr\\\/le-metier-le-plus-sous-estime-du-marche-limpact-mondial-dune-carriere-dans-la-logistique\\\/#primaryimage\"},\"thumbnailUrl\":\"https:\\\/\\\/fueltransport.com\\\/wp-content\\\/uploads\\\/2023\\\/07\\\/Untitled-design-9.png\",\"articleSection\":[\"Volet Fuel\"],\"inLanguage\":\"fr-FR\"},{\"@type\":\"WebPage\",\"@id\":\"https:\\\/\\\/fueltransport.com\\\/fr\\\/le-metier-le-plus-sous-estime-du-marche-limpact-mondial-dune-carriere-dans-la-logistique\\\/\",\"url\":\"https:\\\/\\\/fueltransport.com\\\/fr\\\/le-metier-le-plus-sous-estime-du-marche-limpact-mondial-dune-carriere-dans-la-logistique\\\/\",\"name\":\"Le m\u00e9tier le plus sous-estim\u00e9 du march\u00e9 : l'impact mondial d'une carri\u00e8re dans la logistique - Fuel Transport\",\"isPartOf\":{\"@id\":\"https:\\\/\\\/fueltransport.com\\\/#website\"},\"primaryImageOfPage\":{\"@id\":\"https:\\\/\\\/fueltransport.com\\\/fr\\\/le-metier-le-plus-sous-estime-du-marche-limpact-mondial-dune-carriere-dans-la-logistique\\\/#primaryimage\"},\"image\":{\"@id\":\"https:\\\/\\\/fueltransport.com\\\/fr\\\/le-metier-le-plus-sous-estime-du-marche-limpact-mondial-dune-carriere-dans-la-logistique\\\/#primaryimage\"},\"thumbnailUrl\":\"https:\\\/\\\/fueltransport.com\\\/wp-content\\\/uploads\\\/2023\\\/07\\\/Untitled-design-9.png\",\"datePublished\":\"2023-08-03T13:03:59+00:00\",\"dateModified\":\"2025-01-21T15:12:38+00:00\",\"author\":{\"@id\":\"https:\\\/\\\/fueltransport.com\\\/#\\\/schema\\\/person\\\/4b0b31635d8f3f0d50751879915b9038\"},\"breadcrumb\":{\"@id\":\"https:\\\/\\\/fueltransport.com\\\/fr\\\/le-metier-le-plus-sous-estime-du-marche-limpact-mondial-dune-carriere-dans-la-logistique\\\/#breadcrumb\"},\"inLanguage\":\"fr-FR\",\"potentialAction\":[{\"@type\":\"ReadAction\",\"target\":[\"https:\\\/\\\/fueltransport.com\\\/fr\\\/le-metier-le-plus-sous-estime-du-marche-limpact-mondial-dune-carriere-dans-la-logistique\\\/\"]}]},{\"@type\":\"ImageObject\",\"inLanguage\":\"fr-FR\",\"@id\":\"https:\\\/\\\/fueltransport.com\\\/fr\\\/le-metier-le-plus-sous-estime-du-marche-limpact-mondial-dune-carriere-dans-la-logistique\\\/#primaryimage\",\"url\":\"https:\\\/\\\/fueltransport.com\\\/wp-content\\\/uploads\\\/2023\\\/07\\\/Untitled-design-9.png\",\"contentUrl\":\"https:\\\/\\\/fueltransport.com\\\/wp-content\\\/uploads\\\/2023\\\/07\\\/Untitled-design-9.png\",\"width\":1600,\"height\":500},{\"@type\":\"BreadcrumbList\",\"@id\":\"https:\\\/\\\/fueltransport.com\\\/fr\\\/le-metier-le-plus-sous-estime-du-marche-limpact-mondial-dune-carriere-dans-la-logistique\\\/#breadcrumb\",\"itemListElement\":[{\"@type\":\"ListItem\",\"position\":1,\"name\":\"Home\",\"item\":\"https:\\\/\\\/fueltransport.com\\\/fr\\\/\"},{\"@type\":\"ListItem\",\"position\":2,\"name\":\"Le m\u00e9tier le plus sous-estim\u00e9 du march\u00e9 : l&#8217;impact mondial d&#8217;une carri\u00e8re dans la logistique\"}]},{\"@type\":\"WebSite\",\"@id\":\"https:\\\/\\\/fueltransport.com\\\/#website\",\"url\":\"https:\\\/\\\/fueltransport.com\\\/\",\"name\":\"Fuel Transport\",\"description\":\"Intelligent Transport\",\"potentialAction\":[{\"@type\":\"SearchAction\",\"target\":{\"@type\":\"EntryPoint\",\"urlTemplate\":\"https:\\\/\\\/fueltransport.com\\\/?s={search_term_string}\"},\"query-input\":{\"@type\":\"PropertyValueSpecification\",\"valueRequired\":true,\"valueName\":\"search_term_string\"}}],\"inLanguage\":\"fr-FR\"},{\"@type\":\"Person\",\"@id\":\"https:\\\/\\\/fueltransport.com\\\/#\\\/schema\\\/person\\\/4b0b31635d8f3f0d50751879915b9038\",\"name\":\"Fuel Transport\",\"image\":{\"@type\":\"ImageObject\",\"inLanguage\":\"fr-FR\",\"@id\":\"https:\\\/\\\/secure.gravatar.com\\\/avatar\\\/aceb51326a474a9086174e41b2ee1f2a4911dd74c89fb56f1d4edcafa7985669?s=96&d=mm&r=g\",\"url\":\"https:\\\/\\\/secure.gravatar.com\\\/avatar\\\/aceb51326a474a9086174e41b2ee1f2a4911dd74c89fb56f1d4edcafa7985669?s=96&d=mm&r=g\",\"contentUrl\":\"https:\\\/\\\/secure.gravatar.com\\\/avatar\\\/aceb51326a474a9086174e41b2ee1f2a4911dd74c89fb56f1d4edcafa7985669?s=96&d=mm&r=g\",\"caption\":\"Fuel Transport\"},\"url\":\"https:\\\/\\\/fueltransport.com\\\/fr\\\/author\\\/marketing\\\/\"}]}<\/script>\n<!-- \/ Yoast SEO plugin. -->","yoast_head_json":{"title":"Le m\u00e9tier le plus sous-estim\u00e9 du march\u00e9 : l'impact mondial d'une carri\u00e8re dans la logistique - Fuel Transport","robots":{"index":"index","follow":"follow","max-snippet":"max-snippet:-1","max-image-preview":"max-image-preview:large","max-video-preview":"max-video-preview:-1"},"canonical":"https:\/\/fueltransport.com\/fr\/le-metier-le-plus-sous-estime-du-marche-limpact-mondial-dune-carriere-dans-la-logistique\/","og_locale":"fr_FR","og_type":"article","og_title":"Le m\u00e9tier le plus sous-estim\u00e9 du march\u00e9 : l'impact mondial d'une carri\u00e8re dans la logistique - Fuel Transport","og_description":"De nombreux secteurs connaissent une p\u00e9nurie de main-d&#8217;\u0153uvre, mais la logistique souffre d&#8217;une crise unique en son genre en mati\u00e8re [&hellip;]","og_url":"https:\/\/fueltransport.com\/fr\/le-metier-le-plus-sous-estime-du-marche-limpact-mondial-dune-carriere-dans-la-logistique\/","og_site_name":"Fuel Transport","article_published_time":"2023-08-03T13:03:59+00:00","article_modified_time":"2025-01-21T15:12:38+00:00","og_image":[{"width":1600,"height":500,"url":"https:\/\/fueltransport.com\/wp-content\/uploads\/2023\/07\/Untitled-design-9.png","type":"image\/png"}],"author":"Fuel Transport","twitter_card":"summary_large_image","twitter_misc":{"Written by":"Fuel Transport","Est. reading time":"6 minutes"},"schema":{"@context":"https:\/\/schema.org","@graph":[{"@type":"Article","@id":"https:\/\/fueltransport.com\/fr\/le-metier-le-plus-sous-estime-du-marche-limpact-mondial-dune-carriere-dans-la-logistique\/#article","isPartOf":{"@id":"https:\/\/fueltransport.com\/fr\/le-metier-le-plus-sous-estime-du-marche-limpact-mondial-dune-carriere-dans-la-logistique\/"},"author":{"name":"Fuel Transport","@id":"https:\/\/fueltransport.com\/#\/schema\/person\/4b0b31635d8f3f0d50751879915b9038"},"headline":"Le m\u00e9tier le plus sous-estim\u00e9 du march\u00e9 : l&#8217;impact mondial d&#8217;une carri\u00e8re dans la logistique","datePublished":"2023-08-03T13:03:59+00:00","dateModified":"2025-01-21T15:12:38+00:00","mainEntityOfPage":{"@id":"https:\/\/fueltransport.com\/fr\/le-metier-le-plus-sous-estime-du-marche-limpact-mondial-dune-carriere-dans-la-logistique\/"},"wordCount":1426,"image":{"@id":"https:\/\/fueltransport.com\/fr\/le-metier-le-plus-sous-estime-du-marche-limpact-mondial-dune-carriere-dans-la-logistique\/#primaryimage"},"thumbnailUrl":"https:\/\/fueltransport.com\/wp-content\/uploads\/2023\/07\/Untitled-design-9.png","articleSection":["Volet Fuel"],"inLanguage":"fr-FR"},{"@type":"WebPage","@id":"https:\/\/fueltransport.com\/fr\/le-metier-le-plus-sous-estime-du-marche-limpact-mondial-dune-carriere-dans-la-logistique\/","url":"https:\/\/fueltransport.com\/fr\/le-metier-le-plus-sous-estime-du-marche-limpact-mondial-dune-carriere-dans-la-logistique\/","name":"Le m\u00e9tier le plus sous-estim\u00e9 du march\u00e9 : l'impact mondial d'une carri\u00e8re dans la logistique - Fuel Transport","isPartOf":{"@id":"https:\/\/fueltransport.com\/#website"},"primaryImageOfPage":{"@id":"https:\/\/fueltransport.com\/fr\/le-metier-le-plus-sous-estime-du-marche-limpact-mondial-dune-carriere-dans-la-logistique\/#primaryimage"},"image":{"@id":"https:\/\/fueltransport.com\/fr\/le-metier-le-plus-sous-estime-du-marche-limpact-mondial-dune-carriere-dans-la-logistique\/#primaryimage"},"thumbnailUrl":"https:\/\/fueltransport.com\/wp-content\/uploads\/2023\/07\/Untitled-design-9.png","datePublished":"2023-08-03T13:03:59+00:00","dateModified":"2025-01-21T15:12:38+00:00","author":{"@id":"https:\/\/fueltransport.com\/#\/schema\/person\/4b0b31635d8f3f0d50751879915b9038"},"breadcrumb":{"@id":"https:\/\/fueltransport.com\/fr\/le-metier-le-plus-sous-estime-du-marche-limpact-mondial-dune-carriere-dans-la-logistique\/#breadcrumb"},"inLanguage":"fr-FR","potentialAction":[{"@type":"ReadAction","target":["https:\/\/fueltransport.com\/fr\/le-metier-le-plus-sous-estime-du-marche-limpact-mondial-dune-carriere-dans-la-logistique\/"]}]},{"@type":"ImageObject","inLanguage":"fr-FR","@id":"https:\/\/fueltransport.com\/fr\/le-metier-le-plus-sous-estime-du-marche-limpact-mondial-dune-carriere-dans-la-logistique\/#primaryimage","url":"https:\/\/fueltransport.com\/wp-content\/uploads\/2023\/07\/Untitled-design-9.png","contentUrl":"https:\/\/fueltransport.com\/wp-content\/uploads\/2023\/07\/Untitled-design-9.png","width":1600,"height":500},{"@type":"BreadcrumbList","@id":"https:\/\/fueltransport.com\/fr\/le-metier-le-plus-sous-estime-du-marche-limpact-mondial-dune-carriere-dans-la-logistique\/#breadcrumb","itemListElement":[{"@type":"ListItem","position":1,"name":"Home","item":"https:\/\/fueltransport.com\/fr\/"},{"@type":"ListItem","position":2,"name":"Le m\u00e9tier le plus sous-estim\u00e9 du march\u00e9 : l&#8217;impact mondial d&#8217;une carri\u00e8re dans la logistique"}]},{"@type":"WebSite","@id":"https:\/\/fueltransport.com\/#website","url":"https:\/\/fueltransport.com\/","name":"Fuel Transport","description":"Intelligent Transport","potentialAction":[{"@type":"SearchAction","target":{"@type":"EntryPoint","urlTemplate":"https:\/\/fueltransport.com\/?s={search_term_string}"},"query-input":{"@type":"PropertyValueSpecification","valueRequired":true,"valueName":"search_term_string"}}],"inLanguage":"fr-FR"},{"@type":"Person","@id":"https:\/\/fueltransport.com\/#\/schema\/person\/4b0b31635d8f3f0d50751879915b9038","name":"Fuel Transport","image":{"@type":"ImageObject","inLanguage":"fr-FR","@id":"https:\/\/secure.gravatar.com\/avatar\/aceb51326a474a9086174e41b2ee1f2a4911dd74c89fb56f1d4edcafa7985669?s=96&d=mm&r=g","url":"https:\/\/secure.gravatar.com\/avatar\/aceb51326a474a9086174e41b2ee1f2a4911dd74c89fb56f1d4edcafa7985669?s=96&d=mm&r=g","contentUrl":"https:\/\/secure.gravatar.com\/avatar\/aceb51326a474a9086174e41b2ee1f2a4911dd74c89fb56f1d4edcafa7985669?s=96&d=mm&r=g","caption":"Fuel Transport"},"url":"https:\/\/fueltransport.com\/fr\/author\/marketing\/"}]}},"_links":{"self":[{"href":"https:\/\/fueltransport.com\/fr\/wp-json\/wp\/v2\/posts\/6299","targetHints":{"allow":["GET"]}}],"collection":[{"href":"https:\/\/fueltransport.com\/fr\/wp-json\/wp\/v2\/posts"}],"about":[{"href":"https:\/\/fueltransport.com\/fr\/wp-json\/wp\/v2\/types\/post"}],"author":[{"embeddable":true,"href":"https:\/\/fueltransport.com\/fr\/wp-json\/wp\/v2\/users\/16"}],"replies":[{"embeddable":true,"href":"https:\/\/fueltransport.com\/fr\/wp-json\/wp\/v2\/comments?post=6299"}],"version-history":[{"count":1,"href":"https:\/\/fueltransport.com\/fr\/wp-json\/wp\/v2\/posts\/6299\/revisions"}],"predecessor-version":[{"id":6300,"href":"https:\/\/fueltransport.com\/fr\/wp-json\/wp\/v2\/posts\/6299\/revisions\/6300"}],"wp:featuredmedia":[{"embeddable":true,"href":"https:\/\/fueltransport.com\/fr\/wp-json\/wp\/v2\/media\/6301"}],"wp:attachment":[{"href":"https:\/\/fueltransport.com\/fr\/wp-json\/wp\/v2\/media?parent=6299"}],"wp:term":[{"taxonomy":"category","embeddable":true,"href":"https:\/\/fueltransport.com\/fr\/wp-json\/wp\/v2\/categories?post=6299"},{"taxonomy":"post_tag","embeddable":true,"href":"https:\/\/fueltransport.com\/fr\/wp-json\/wp\/v2\/tags?post=6299"},{"taxonomy":"post_folder","embeddable":true,"href":"https:\/\/fueltransport.com\/fr\/wp-json\/wp\/v2\/post_folder?post=6299"}],"curies":[{"name":"wp","href":"https:\/\/api.w.org\/{rel}","templated":true}]}}